{"id":1297,"date":"2020-01-17T13:17:11","date_gmt":"2020-01-17T12:17:11","guid":{"rendered":"https:\/\/blogdelarectora.uo.edu.cu\/?p=1297"},"modified":"2020-01-17T13:17:11","modified_gmt":"2020-01-17T12:17:11","slug":"discurso-del-acto-del-dia-de-la-ciencia","status":"publish","type":"post","link":"https:\/\/blogdelarectora.uo.edu.cu\/?p=1297","title":{"rendered":"Discurso del Acto del D\u00eda de la Ciencia"},"content":{"rendered":"\n<p>Estimados cient\u00edficos e investigadores, <\/p>\n\n\n\n<p>Estimados miembros\ndel Consejo de Direcci\u00f3n, Directores e Invitados que hoy nos honran con su\npresencia. <\/p>\n\n\n\n<p>Siempre ser\u00e1 una\nsatisfacci\u00f3n hacer un alto en el camino para reconocer a aquellos que d\u00eda a d\u00eda\nconsagran su esfuerzo para pensar en los problemas de la econom\u00eda, la cultura,\nel deporte, la educaci\u00f3n, la salud y la sociedad en general, para encontrar una\nsoluci\u00f3n o respuesta en medio de los acertijos y complejidades en que se\ndesarrolla la ciencia en la contemporaneidad. <\/p>\n\n\n\n<p>La ciencia, es una\nsuerte de dif\u00edcil arte que demanda de mucho tiempo, dedicaci\u00f3n, constancia y\nempe\u00f1o, pero siempre que se asume por vocaci\u00f3n y amor, goza de un apreciable\nimpacto y un \u00e9xito multiplicado. <\/p>\n\n\n\n<p>Por ello, no es\ncasual que desde la Sociedad Espeleol\u00f3gica de Cuba, en el paraninfo de la\nAcademia de Ciencias M\u00e9dicas, F\u00edsicas y Naturales de La Habana, actual sede del\nMuseo Nacional de Historia de la Ciencia y la Tecnolog\u00eda, <\/p>\n\n\n\n<p>hace exactamente 60 a\u00f1os, un d\u00eda como hoy nuestro Comandante en Jefe\nFidel Castro Ruz pronunciara un discurso hist\u00f3rico donde esboz\u00f3 las bases de la\npol\u00edtica de la formaci\u00f3n humana y el desarrollo profesional y cient\u00edfico de la\nRevoluci\u00f3n. <\/p>\n\n\n\n<p>All\u00ed expres\u00f3: <em>\u00abEl\nfuturo de nuestro pa\u00eds tiene que ser necesariamente un futuro de hombres de\nCiencia, un futuro de hombres de pensamiento\u2026\u00bb <\/em><\/p>\n\n\n\n<p>Ese memorable\nevento, conllev\u00f3 tres d\u00e9cadas despu\u00e9s, en el a\u00f1o 1990, a la\ninstitucionalizaci\u00f3n de este d\u00eda, como el d\u00eda de la Ciencia Cubana. De esta\nforma, el mes de enero, con sus aires de festejos y reconocimiento nos convida\na la reflexi\u00f3n y proyecci\u00f3n de nuevos desaf\u00edos contextualizados en las\npol\u00edticas y prioridades planteadas por nuestro pa\u00eds hasta el 2030. <\/p>\n\n\n\n<p>Quiz\u00e1 un mes\npudiera parecer poco para el homenaje a los cient\u00edficos cubanos y sus aportes a\nla ciencia como expresi\u00f3n de su alta sensibilidad y humanismo cuando de salud,\nproducci\u00f3n de alimentos, biotecnolog\u00eda, productos biofarmac\u00e9uticos, energ\u00eda,\nminas y desarrollo agroindustrial e inform\u00e1tico se trata. <\/p>\n\n\n\n<p>Sin dudas, el d\u00eda tras d\u00eda de los investigadores cubanos empe\u00f1ados en\nla b\u00fasqueda de alternativas en medio del obstinado bloqueo imperialista a la\nisla, hace que sus resultados sean inmensos frente a cada obst\u00e1culo que se les\npresenta en el camino. <\/p>\n\n\n\n<p>Mucho se ha hecho\nen la Universidad de Oriente y los logros de los \u00faltimos a\u00f1os as\u00ed lo aseveran.\nHa sido significativo el incremento de j\u00f3venes investigadores que obtienen sus\nt\u00edtulos de doctores en ciencias, los premios y publicaciones, las innumerables\nacciones conjuntas de investigaci\u00f3n, las distinciones especiales, entre otras\ncategor\u00edas, alcanzadas gracias a la concepci\u00f3n estrat\u00e9gica de la ciencia por\nl\u00edneas, proyectos y temas de investigaci\u00f3n, los cuales legitiman su car\u00e1cter\nmultidisciplinar y nos convierte en referencia de la formaci\u00f3n del posgrado\nacad\u00e9mico a nivel nacional e internacional. <\/p>\n\n\n\n<p>Es justo entonces\nsentir orgullo por los resultados de mayor impacto cient\u00edfico en las ciencias\nnaturales y exactas, sociales, econ\u00f3micas, mejor proyecto de investigaci\u00f3n,\ngrupo cient\u00edfico estudiantil, en la actividad de ciencia e innovaci\u00f3n, todo lo\nque ha permitido posicionar publicaciones individuales y colectivas tanto de\nart\u00edculos cient\u00edficos como de textos impresos que pueden ser hoy de consulta\ngeneral o especializadas. <\/p>\n\n\n\n<p>Es nuestra modesta\ncontribuci\u00f3n al desarrollo de la ciencia con la certeza de que a\u00fan hay mucho\npor hacer, pero la actualidad adquiere matices diferentes y conceptos que han\nquedado fijados en los discursos del Presidente de la Rep\u00fablica Miguel D\u00edaz\nCanel Berm\u00fadez que declaran la necesidad de utilizar el m\u00e9todo cient\u00edfico en\ntodo lo que hacemos, la importancia de la generalizaci\u00f3n de los resultados de\nlas investigaciones cient\u00edficas sobre la base de buenas pr\u00e1cticas, que aseguren\nla calidad de las producciones nacionales, la sustituci\u00f3n de importaciones y el\naumento de las exportaciones. <\/p>\n\n\n\n<p>El futuro impone\ndesaf\u00edos retadores que pondr\u00e1n a prueba la capacidad de los cient\u00edficos de\nnuestra comunidad para incorporar a todas las \u00e1reas del conocimiento de manera\ncoordinada en investigaciones cuyos resultados permitan tomar decisiones sobre\nasuntos prioritarios de la sociedad. <\/p>\n\n\n\n<p>Para ello, es\npreciso seguir potenciando la formaci\u00f3n de j\u00f3venes doctores, la introducci\u00f3n de\ntecnolog\u00edas de avanzadas, las investigaciones con resultados en los sectores\nestrat\u00e9gicos y la utilizaci\u00f3n de la informatizaci\u00f3n y las telecomunicaciones en\nla gesti\u00f3n de los procesos. En esta integraci\u00f3n, encontraremos una de las v\u00edas\npara fortalecer el papel de la ciencia en el perfeccionamiento socioecon\u00f3mico\ndel pa\u00eds. <\/p>\n\n\n\n<p>Se impone tambi\u00e9n\npensar en \u00bfQu\u00e9 hacemos (y no hacemos) con la ciencia? Conectados y apegados a\nla pr\u00e1ctica cient\u00edfica tradicional hemos de reconocer que la producci\u00f3n\ncient\u00edfica ha estado signada por la disciplinariedad y menos presencia de la\ntrans y multi disciplinariedad, escasa cultura de innovaci\u00f3n en nuestros\nsectores empresariales y por consiguiente, insuficiente aplicaci\u00f3n de los\nresultados en funci\u00f3n del desarrollo econ\u00f3mico. <\/p>\n\n\n\n<p>De lo que se\ntrata, en este nuevo escenario es precisamente de concebir la ciencia en\nfunci\u00f3n del crecimiento econ\u00f3mico, para generar riqueza y distribuirlas de\nmanera m\u00e1s social, esa es en esencia la deuda que debemos saldar. Convertir esa\ninversi\u00f3n \u2014porque no podemos ver la ciencia como un gasto\u2014, ese potencial\nhumano, en una fuerza productiva que cree riqueza y genere un c\u00edrculo virtuoso\na favor de la sostenibilidad. <\/p>\n\n\n\n<p>En ese bregar\nentonces debemos apostar al perfeccionamiento de los indicadores que miden la\ncalidad, contribuir a mantener una soberan\u00eda e independencia tecnol\u00f3gica que\npermita avanzar en la rob\u00f3tica, las nanociencias, la autom\u00e1tica, en el programa\nenerg\u00e9tico, con \u00e9nfasis en las fuentes renovables, en propuestas vinculadas con\nel agua y su aprovechamiento, los programas relacionados con la identidad\nnacional y la estructura socioclasista, asi como en las esferas\nagroalimentaria, industrial, el desarrollo del turismo y la biotecnolog\u00eda para\nfacilitar el encadenamiento productivo y las buenas pr\u00e1cticas. <\/p>\n\n\n\n<p>Para las\nuniversidades, es igualmente prioridad mantenerse actualizada en torno a las\npol\u00edticas ya aprobadas en el pa\u00eds sobre el perfeccionamiento del sistema de\nciencia, tecnolog\u00eda e innovaci\u00f3n de la Rep\u00fablica de Cuba, especialmente la\npol\u00edtica para los parques cient\u00edficos -tecnol\u00f3gicos, que permitir\u00e1 sin dudas,\nun mayor desarrollo socioecon\u00f3mico, y la interface universidad \u2013 centro de\ninvestigaci\u00f3n \u2013 empresa, contribuir\u00e1 tambi\u00e9n a que el encadenamiento\nproductivo, se desarrolle eficientemente. <\/p>\n\n\n\n<p>Para todo ello,\nconsidero que es oportuno atraer a los j\u00f3venes para rejuvenecer nuestros\ncentros, departamentos y grupos de investigaci\u00f3n y lograr una mayor estabilidad\nen los mismos, as\u00ed como formar un n\u00famero superior de l\u00edderes cient\u00edficos y\ndinamizar el proceso de formaci\u00f3n y obtenci\u00f3n de grados cient\u00edficos y\ncategor\u00edas docentes superiores. <\/p>\n\n\n\n<p>Debemos materializar en los pr\u00f3ximos a\u00f1os la experiencia de la \nEmpresas de Alta Tecnolog\u00eda, como instancia que permita mostrar a futuro\n pr\u00f3ximo una actividad intensiva en investigaci\u00f3n, desarrollo e \ninnovaci\u00f3n; as\u00ed como elevados est\u00e1ndares tecnol\u00f3gicos, que cierra el \nciclo de investigaci\u00f3n, desarrollo, innovaci\u00f3n, producci\u00f3n y \ncomercializaci\u00f3n de productos y servicios de alto valor agregado con \n\u00e9nfasis en el mercado exterior. La pr\u00e1ctica cient\u00edfica acumulada por \nnuestra instituci\u00f3n permite aspirar y materializar prop\u00f3sitos de esta \nnaturaleza y en ello nos emplearemos. <\/p>\n\n\n\n<p>En este andar por\nla ciencia, la Universidad de Oriente adiciona otro m\u00e9rito, al tener como\nPresidente de la Filial Suroriental de la Academia de Ciencias de Cuba al Dr.\nEnrique Mara\u00f1\u00f3n Reyes, hecho que nos honra y nos llena de orgullo y placer. De\nigual forma, aprovecho este momento para despedir hacia la inmortalidad a\nnombre de nuestra comunidad universitaria a Jorge Montoya Rivera, consagrado\nprofesor de nuestro claustro que dedic\u00f3 su vida y sus \u00faltimas fuerzas a la\nformaci\u00f3n doctoral en la instituci\u00f3n y al acompa\u00f1amiento de sus aspirantes.\nLlegue a sus familiares, amigos, compa\u00f1eros de trabajo y estudiantes, nuestras\nm\u00e1s sentidas condolencias. <\/p>\n\n\n\n<p>Por otro lado, nos\nanima pensar que cada d\u00eda habr\u00e1 m\u00e1s cient\u00edficos j\u00f3venes experimentados para\nliderar el desarrollo de los proyectos de investigaci\u00f3n y la direcci\u00f3n de la\nciencia con elevados conceptos \u00e9ticos y morales que dignifican la gesti\u00f3n y los\nresultados obtenidos. <\/p>\n\n\n\n<p>Siempre tendremos\npresente cada logro alcanzado en estos 73 a\u00f1os de existencia sin olvidar bajo\nning\u00fan concepto esta m\u00e1xima martiana: <em>\u201cEn tiempos cient\u00edficos, universidades\ncient\u00edficas\u201d. <\/em><\/p>\n\n\n\n<p>Y perm\u00edtanme\nentonces terminar estas palabras con Fidel: <\/p>\n\n\n\n<p><em>\u201cCuba necesita\nmucho de los hombres de pensamiento, sobre todo de los hombres de pensamiento\nclaro, no solo hombres que hayan acumulado conocimientos; hombres que pongan\nsus conocimientos del lado del bien, del lado de la justicia, del lado de la\npatria\u2026\u201d <\/em><\/p>\n\n\n\n<p>Muchas felicidades\na todos y continuemos en el camino de la ciencia, el desarrollo y el progreso. <\/p>\n\n\n\n<p><strong>Muchas gracias.<\/strong><\/p>\n","protected":false},"excerpt":{"rendered":"<div class=\"mh-excerpt\"><p>Palabras de la Dra.C. Diana Sedal Yanes, Rectora de la UO con motivo del D\u00eda de la Ciencia<\/p>\n<\/div>","protected":false},"author":2,"featured_media":1298,"comment_status":"open","ping_status":"open","sticky":false,"template":"","format":"standard","meta":{"_bbp_topic_count":0,"_bbp_reply_count":0,"_bbp_total_topic_count":0,"_bbp_total_reply_count":0,"_bbp_voice_count":0,"_bbp_anonymous_reply_count":0,"_bbp_topic_count_hidden":0,"_bbp_reply_count_hidden":0,"_bbp_forum_subforum_count":0},"categories":[6],"tags":[],"_links":{"self":[{"href":"https:\/\/blogdelarectora.uo.edu.cu\/index.php?rest_route=\/wp\/v2\/posts\/1297"}],"collection":[{"href":"https:\/\/blogdelarectora.uo.edu.cu\/index.php?rest_route=\/wp\/v2\/posts"}],"about":[{"href":"https:\/\/blogdelarectora.uo.edu.cu\/index.php?rest_route=\/wp\/v2\/types\/post"}],"author":[{"embeddable":true,"href":"https:\/\/blogdelarectora.uo.edu.cu\/index.php?rest_route=\/wp\/v2\/users\/2"}],"replies":[{"embeddable":true,"href":"https:\/\/blogdelarectora.uo.edu.cu\/index.php?rest_route=%2Fwp%2Fv2%2Fcomments&post=1297"}],"version-history":[{"count":1,"href":"https:\/\/blogdelarectora.uo.edu.cu\/index.php?rest_route=\/wp\/v2\/posts\/1297\/revisions"}],"predecessor-version":[{"id":1299,"href":"https:\/\/blogdelarectora.uo.edu.cu\/index.php?rest_route=\/wp\/v2\/posts\/1297\/revisions\/1299"}],"wp:featuredmedia":[{"embeddable":true,"href":"https:\/\/blogdelarectora.uo.edu.cu\/index.php?rest_route=\/wp\/v2\/media\/1298"}],"wp:attachment":[{"href":"https:\/\/blogdelarectora.uo.edu.cu\/index.php?rest_route=%2Fwp%2Fv2%2Fmedia&parent=1297"}],"wp:term":[{"taxonomy":"category","embeddable":true,"href":"https:\/\/blogdelarectora.uo.edu.cu\/index.php?rest_route=%2Fwp%2Fv2%2Fcategories&post=1297"},{"taxonomy":"post_tag","embeddable":true,"href":"https:\/\/blogdelarectora.uo.edu.cu\/index.php?rest_route=%2Fwp%2Fv2%2Ftags&post=1297"}],"curies":[{"name":"wp","href":"https:\/\/api.w.org\/{rel}","templated":true}]}}