{"id":131,"date":"2011-06-08T16:41:48","date_gmt":"2011-06-08T16:41:48","guid":{"rendered":"http:\/\/blogdelarectora.uo.edu.cu\/?p=131"},"modified":"2019-06-07T07:21:32","modified_gmt":"2019-06-07T05:21:32","slug":"131","status":"publish","type":"post","link":"https:\/\/blogdelarectora.uo.edu.cu\/?p=131","title":{"rendered":"D\u00eda del Trabajador Jur\u00eddico"},"content":{"rendered":"<p style=\"text-align: justify;\">\u00a1Muchas felicidades a los graduados de Derecho, que con su labor incansable, nos muestran siempre el camino exacto del cumplimiento de la ley!.<\/p>\n<p style=\"text-align: justify;\">Nuestro Jos\u00e9 Mart\u00ed, expresaba: \u2026l<em>as leyes que rigen la existencia de un pueblo son las mismas que rigen la vida de una flor<\/em>\u2026.<\/p>\n<p style=\"text-align: justify;\">Le agradecemos ese delicado cuidado que debemos tener en el cumplimiento de las leyes en cada detalle al trasmitir sus conocimientos.<\/p>\n<p style=\"text-align: justify;\">Este d\u00eda 8 de Junio, es instituido el D\u00eda del Trabajador Jur\u00eddico, para recordar que en igual d\u00eda, pero en 1865, Ignacio Agramonte desarroll\u00f3 su Tesis de Grado para recibirse como licenciado de la Facultad de Derecho ante el tribunal compuesto por los doctores Jos\u00e9 Domingo Guerrero, Jos\u00e9 Manuel Mestre y Bernardo del Riesgo. El tema escogido era un \u201cEstudio bajo el punto de vista del principio racional, sobre el derecho reformado por Justiniano en comparaci\u00f3n con el anterior a su \u00e9poca\u201d. Obtuvo sobresaliente.<\/p>\n<p style=\"text-align: justify;\"><em>D\u00eda del Trabajador Jur\u00eddico<\/em>, t\u00edtulo m\u00e1s apropiado y justo pues comprende no s\u00f3lo a los juristas sino tambi\u00e9n a todos los trabajadores que les auxilian en sus tareas.<\/p>\n<p style=\"text-align: justify;\">A los estudiantes de esta Facultad, la exhortaci\u00f3n a superarse y llegar a la celebraci\u00f3n de este d\u00eda, como una ocasi\u00f3n que representa la s\u00edntesis de sus esfuerzos en la superaci\u00f3n profesional y personal.<\/p>\n<p style=\"text-align: justify;\">Muchas felicidades.<\/p>\n","protected":false},"excerpt":{"rendered":"<div class=\"mh-excerpt\"><p><em>El 8 de junio es el D\u00eda del Trabajador Jur\u00eddico. La Rectora felicita a los juristas, por la jornada que ha sido dedicada a su profesi\u00f3n.<\/em> <\/p>\n<\/div>","protected":false},"author":9,"featured_media":0,"comment_status":"open","ping_status":"open","sticky":false,"template":"","format":"standard","meta":{"_bbp_topic_count":0,"_bbp_reply_count":0,"_bbp_total_topic_count":0,"_bbp_total_reply_count":0,"_bbp_voice_count":0,"_bbp_anonymous_reply_count":0,"_bbp_topic_count_hidden":0,"_bbp_reply_count_hidden":0,"_bbp_forum_subforum_count":0},"categories":[4],"tags":[14],"_links":{"self":[{"href":"https:\/\/blogdelarectora.uo.edu.cu\/index.php?rest_route=\/wp\/v2\/posts\/131"}],"collection":[{"href":"https:\/\/blogdelarectora.uo.edu.cu\/index.php?rest_route=\/wp\/v2\/posts"}],"about":[{"href":"https:\/\/blogdelarectora.uo.edu.cu\/index.php?rest_route=\/wp\/v2\/types\/post"}],"author":[{"embeddable":true,"href":"https:\/\/blogdelarectora.uo.edu.cu\/index.php?rest_route=\/wp\/v2\/users\/9"}],"replies":[{"embeddable":true,"href":"https:\/\/blogdelarectora.uo.edu.cu\/index.php?rest_route=%2Fwp%2Fv2%2Fcomments&post=131"}],"version-history":[{"count":4,"href":"https:\/\/blogdelarectora.uo.edu.cu\/index.php?rest_route=\/wp\/v2\/posts\/131\/revisions"}],"predecessor-version":[{"id":788,"href":"https:\/\/blogdelarectora.uo.edu.cu\/index.php?rest_route=\/wp\/v2\/posts\/131\/revisions\/788"}],"wp:attachment":[{"href":"https:\/\/blogdelarectora.uo.edu.cu\/index.php?rest_route=%2Fwp%2Fv2%2Fmedia&parent=131"}],"wp:term":[{"taxonomy":"category","embeddable":true,"href":"https:\/\/blogdelarectora.uo.edu.cu\/index.php?rest_route=%2Fwp%2Fv2%2Fcategories&post=131"},{"taxonomy":"post_tag","embeddable":true,"href":"https:\/\/blogdelarectora.uo.edu.cu\/index.php?rest_route=%2Fwp%2Fv2%2Ftags&post=131"}],"curies":[{"name":"wp","href":"https:\/\/api.w.org\/{rel}","templated":true}]}}