{"id":1326,"date":"2022-01-17T14:29:27","date_gmt":"2022-01-17T13:29:27","guid":{"rendered":"https:\/\/blogdelarectora.uo.edu.cu\/?p=1326"},"modified":"2022-01-14T14:31:24","modified_gmt":"2022-01-14T13:31:24","slug":"discurso-de-la-rectora-en-el-acto-institucional-por-el-dia-de-la-ciencia-cubana","status":"publish","type":"post","link":"https:\/\/blogdelarectora.uo.edu.cu\/?p=1326","title":{"rendered":"DISCURSO DE LA RECTORA EN EL ACTO INSTITUCIONAL POR EL D\u00cdA DE LA CIENCIA CUBANA"},"content":{"rendered":"\n<p>Estimados profesores e investigadores que han sido\nreconocidos en este acto,<\/p>\n\n\n\n<p>Estimados miembros del Consejo de Direcci\u00f3n,<\/p>\n\n\n\n<p>Estimados invitados,<\/p>\n\n\n\n<p>Desde la fundaci\u00f3n de la Universidad de Oriente, qued\u00f3 definido el\npapel de la ciencia y la investigaci\u00f3n en su cultura organizacional. Nuestros\npadres fundadores lo esculpieron en el sello de CIENCIA y CONCIENCIA, resaltando\nas\u00ed, la importancia de este proceso y la connotaci\u00f3n \u00e9tica que la distingue.<\/p>\n\n\n\n<p>Desde entonces, brillantes\nideas del pensamiento de nuestro Comandante en Jefe Fidel Castro Ruz, nos han\nacompa\u00f1ado en nuestro quehacer cient\u00edfico como faro y gu\u00eda en nuestras\naspiraciones. El 15 de enero de 1960 en la Academia de Ciencias dijo:<\/p>\n\n\n\n<p><em>\u201cUstedes, han puesto sus\nconocimientos del lado del bien, del lado de la justicia, del lado de la\npatria, y vivimos momentos en que el papel del pensamiento es excepcional, en\nque el papel de cada uno es excepcional, porque solo este pensamiento nos puede\nguiar en estos instantes de grandes transformaciones de Cuba.\u201d<\/em> Fin de la cita.<\/p>\n\n\n\n<p>Sin dudas, esta idea nos ilumina\nen cualquier circunstancia y especialmente en la actualidad, donde nuestro pa\u00eds\ncontin\u00faa enfrentando una pandemia que ha retado a la ciencia a convertirse en la\nsalvaci\u00f3n de un pueblo que, por un lado, se aferra a la vida, y por otro,\nemplea todas sus capacidades en resistir un inhumano bloqueo imperialista que\ngenera carencias y limitaciones en su desarrollo. <\/p>\n\n\n\n<p>Aun en estas dif\u00edciles\ncondiciones, seguimos apostando por el bienestar y la justicia social para\ntodos y todas. Seguiremos perfeccionando los\nm\u00e9todos para responder con responsabilidad social a las necesidades y demandas\nde los sectores productivos y las comunidades. Puesto que, en estos momentos, esa\ncontinuar\u00e1 siendo la mejor contribuci\u00f3n al pa\u00eds. <\/p>\n\n\n\n<p>Trascender desde la ciencia hoy s\u00f3lo es posible con la divulgaci\u00f3n\nacertada de los resultados, con la demostraci\u00f3n de sus impactos, con la\nvaloraci\u00f3n de variantes y con soluciones que demuestren el cierre de ciclo, la\neficiencia y la valoraci\u00f3n justa y oportuna de los resultados en el ahorro de\nrecursos, el despliegue de nuevas tecnolog\u00edas, el encadenamiento productivo, la\nsustituci\u00f3n de importaciones y la satisfacci\u00f3n de las necesidades locales.<\/p>\n\n\n\n<p>No\nexistir\u00e1 desarrollo si no logramos la aplicaci\u00f3n de los resultados de las\ninvestigaciones <strong>\u00a1ESTE ES EL LLAMADO DE LA PATRIA! \u00a1ESTA ES TAMBI\u00c9N LA MISI\u00d3N\nDE LOS INVESTIGADORES UNIVERSITARIOS! <\/strong>Aplicar y generalizar los resultados.\n\u00bfCamino f\u00e1cil? \u00a1Claro que no! Es la etapa m\u00e1s dif\u00edcil, pues insertar los\nresultados se logra mediante compromiso, intenso trabajo y sacrificio para lograr\nuna ciencia que acompa\u00f1e a la econom\u00eda y a nuestra sociedad.<\/p>\n\n\n\n<p>Hoy el llamado incluye el\ndesarrollo local, la necesidad de fomentarlo desde el trabajo comunitario, en\narmoniosa integraci\u00f3n de la familia, con la escuela, el gobierno y la sociedad\ntoda. All\u00ed, en cada localidad, debemos diagnosticar las riquezas materiales y\nespirituales que nos distinguen y nos permiten avanzar en ese empe\u00f1o.<\/p>\n\n\n\n<p>Debemos realizar el diagn\u00f3stico\ncient\u00edfico de los problemas y su diferenciaci\u00f3n en cada sitio, logrando una\nverdadera comunicaci\u00f3n con las personas, escuchando sus inquietudes y\naprendiendo de sus experiencias, de manera que todos participen y se sientan\nparte de los proyectos que se ejecutan y encaminan. Esta debe ser una ciencia\nparticipativa, una ciencia con y para el pueblo.<\/p>\n\n\n\n<p>Hay muchas\nacciones todav\u00eda por hacer y problemas que resolver, donde una parte importante\nde las soluciones se pueden obtener a partir de la investigaci\u00f3n y el\nconocimiento que se gestiona desde las universidades. A lo interno, aun debemos\nfortalecer las relaciones intra e inter universitarias, actuar de manera proactiva,\nlograr encadenamientos hacia lo interno y lo externo de los predios acad\u00e9micos.\nDebemos lograr que los resultados investigativos se apliquen y permitan medir su\nimpacto. Tendremos que aumentar las matr\u00edculas en las carreras de ciencias\nb\u00e1sicas, as\u00ed como consolidar alianzas con los distintos ministerios, OSDE,\nempresas y todas aquellas entidades que puedan aportar al desarrollo del pa\u00eds llevando\nla ciencia como bandera.<\/p>\n\n\n\n<p>Tendr\u00eda mucho m\u00e1s que decirles,\npero prefiero terminar pidi\u00e9ndoles que sigamos <strong>trabajando en arrancarles todos\nlos d\u00edas un pedazo mayor a los problemas y dificultades.<\/strong> Donde quiera que\nestemos, avanzar de forma sostenida y emplear la ciencia y la innovaci\u00f3n para\nello.<\/p>\n\n\n\n<p>Muchas felicidades a todos,\nmujeres y hombres de ciencia. Muchas felicidades a los que aportan, participan,\nvibran, se apasionan y ponen muy en alto el nombre de la ciencia cubana y en\nespecial la universitaria.<\/p>\n\n\n\n<p>Muchas Gracias.<\/p>\n","protected":false},"excerpt":{"rendered":"<div class=\"mh-excerpt\"><p>Estimados profesores e investigadores que han sido reconocidos en este acto, Estimados miembros del Consejo de Direcci\u00f3n, Estimados invitados, Desde la fundaci\u00f3n de la Universidad <a class=\"mh-excerpt-more\" href=\"https:\/\/blogdelarectora.uo.edu.cu\/?p=1326\" title=\"DISCURSO DE LA RECTORA EN EL ACTO INSTITUCIONAL POR EL D\u00cdA DE LA CIENCIA CUBANA\">[&#8230;]<\/a><\/p>\n<\/div>","protected":false},"author":2,"featured_media":0,"comment_status":"open","ping_status":"open","sticky":false,"template":"","format":"standard","meta":{"_bbp_topic_count":0,"_bbp_reply_count":0,"_bbp_total_topic_count":0,"_bbp_total_reply_count":0,"_bbp_voice_count":0,"_bbp_anonymous_reply_count":0,"_bbp_topic_count_hidden":0,"_bbp_reply_count_hidden":0,"_bbp_forum_subforum_count":0},"categories":[6],"tags":[],"_links":{"self":[{"href":"https:\/\/blogdelarectora.uo.edu.cu\/index.php?rest_route=\/wp\/v2\/posts\/1326"}],"collection":[{"href":"https:\/\/blogdelarectora.uo.edu.cu\/index.php?rest_route=\/wp\/v2\/posts"}],"about":[{"href":"https:\/\/blogdelarectora.uo.edu.cu\/index.php?rest_route=\/wp\/v2\/types\/post"}],"author":[{"embeddable":true,"href":"https:\/\/blogdelarectora.uo.edu.cu\/index.php?rest_route=\/wp\/v2\/users\/2"}],"replies":[{"embeddable":true,"href":"https:\/\/blogdelarectora.uo.edu.cu\/index.php?rest_route=%2Fwp%2Fv2%2Fcomments&post=1326"}],"version-history":[{"count":1,"href":"https:\/\/blogdelarectora.uo.edu.cu\/index.php?rest_route=\/wp\/v2\/posts\/1326\/revisions"}],"predecessor-version":[{"id":1327,"href":"https:\/\/blogdelarectora.uo.edu.cu\/index.php?rest_route=\/wp\/v2\/posts\/1326\/revisions\/1327"}],"wp:attachment":[{"href":"https:\/\/blogdelarectora.uo.edu.cu\/index.php?rest_route=%2Fwp%2Fv2%2Fmedia&parent=1326"}],"wp:term":[{"taxonomy":"category","embeddable":true,"href":"https:\/\/blogdelarectora.uo.edu.cu\/index.php?rest_route=%2Fwp%2Fv2%2Fcategories&post=1326"},{"taxonomy":"post_tag","embeddable":true,"href":"https:\/\/blogdelarectora.uo.edu.cu\/index.php?rest_route=%2Fwp%2Fv2%2Ftags&post=1326"}],"curies":[{"name":"wp","href":"https:\/\/api.w.org\/{rel}","templated":true}]}}